{"id":4320,"date":"2024-09-18T13:24:53","date_gmt":"2024-09-18T13:24:53","guid":{"rendered":"https:\/\/telediarioqueretaro.co\/?p=4320"},"modified":"2024-09-18T13:24:53","modified_gmt":"2024-09-18T13:24:53","slug":"anuncia-secult-concierto-patrio-de-la-ofeq","status":"publish","type":"post","link":"https:\/\/telediarioqueretaro.co\/?p=4320","title":{"rendered":"Anuncia SECULT Concierto Patrio De La OFEQ"},"content":{"rendered":"\n<figure class=\"wp-block-image size-large\"><img loading=\"lazy\" decoding=\"async\" width=\"1024\" height=\"543\" src=\"https:\/\/telediarioqueretaro.co\/wp-content\/uploads\/2024\/09\/image-50-1024x543.png\" alt=\"\" class=\"wp-image-4321\" srcset=\"https:\/\/telediarioqueretaro.co\/wp-content\/uploads\/2024\/09\/image-50-1024x543.png 1024w, https:\/\/telediarioqueretaro.co\/wp-content\/uploads\/2024\/09\/image-50-300x159.png 300w, https:\/\/telediarioqueretaro.co\/wp-content\/uploads\/2024\/09\/image-50-768x407.png 768w, https:\/\/telediarioqueretaro.co\/wp-content\/uploads\/2024\/09\/image-50.png 1210w\" sizes=\"auto, (max-width: 1024px) 100vw, 1024px\" \/><\/figure>\n\n\n\n<p>La Secretar\u00eda de Cultura informa que, para celebrar el CCXIV &nbsp;aniversario de la Independencia de M\u00e9xico, este jueves 19 de septiembre, la Orquesta Filarm\u00f3nica del Estado de Quer\u00e9taro (OFEQ) ofrecer\u00e1 su concierto patrio, en el Teatro Metropolitano, con un programa integrado por piezas de compositoras y compositores mexicanos.<\/p>\n\n\n\n<p>Las y los asistentes al magno concierto escuchar\u00e1n \u00abKauyumari\u00bb, de Gabriela Ortiz, que dentro de la cultura huichol significa \u00abciervo azul\u00bb y representa un gu\u00eda espiritual para sumergirse en el folclore ancestral.<\/p>\n\n\n\n<p>Por otra parte, dado que las m\u00e1scaras han formado parte de la cultura mexicana desde los tiempos prehisp\u00e1nicos, en esta ocasi\u00f3n la OFEQ interpretar\u00e1 \u201cMascaras, Cuatro danzas para arpa\u201d, de Arturo M\u00e1rquez, ejecutada por el maestro Baltazar Ju\u00e1rez, arpista internacional.<\/p>\n\n\n\n<p>Adem\u00e1s, el p\u00fablico disfrutar\u00e1 de \u201cCaballos de vapor\u201d, suite del ballet compuesta por Carlos Ch\u00e1vez, un ballet poco interpretado en el canon mexicano, pero aclamado y premiado en el extranjero.<\/p>\n\n\n\n<p>Y para finalizar, no pod\u00eda faltar \u201cHuapango\u201d, de Jos\u00e9 Pablo Moncayo, una pieza inspirada en los sones veracruzanos que en m\u00faltiples foros se ha presentado como el segundo himno del M\u00e9xico.<\/p>\n\n\n\n<p>El director de la OFEQ, Mark Kadin, destac\u00f3 la importancia de dar a las y los compositores mexicanos su lugar en la historia de la m\u00fasica cl\u00e1sica, por lo que se eligi\u00f3 este repertorio.<\/p>\n\n\n\n<p>Los boletos est\u00e1n disponibles en www.filarmonicadequeretaro.org y en los puntos de venta ubicados en el Centro Hist\u00f3rico de Quer\u00e9taro: calle Ignacio Manuel Altamirano, n\u00famero 18, en horario de 10:30 a 14:00 horas; y en el Conservatorio de M\u00fasica \u00abJos\u00e9 Guadalupe Vel\u00e1zquez\u00bb, ubicado en calle Vergara Sur, n\u00famero 35, de 09:00 a 13:00 y de 16:00 a 17:00 horas.<\/p>\n","protected":false},"excerpt":{"rendered":"<p>La Secretar\u00eda de Cultura informa que, para celebrar el CCXIV &nbsp;aniversario de la Independencia de M\u00e9xico, este jueves 19 de septiembre, la Orquesta Filarm\u00f3nica del Estado de Quer\u00e9taro (OFEQ) ofrecer\u00e1 su concierto patrio, en el Teatro Metropolitano, con un programa integrado por piezas de compositoras y compositores mexicanos. Las y [&hellip;]<\/p>\n","protected":false},"author":2,"featured_media":4321,"comment_status":"open","ping_status":"open","sticky":false,"template":"","format":"standard","meta":{"footnotes":""},"categories":[1],"tags":[],"class_list":["post-4320","post","type-post","status-publish","format-standard","has-post-thumbnail","hentry","category-sin-categoria"],"_links":{"self":[{"href":"https:\/\/telediarioqueretaro.co\/index.php?rest_route=\/wp\/v2\/posts\/4320","targetHints":{"allow":["GET"]}}],"collection":[{"href":"https:\/\/telediarioqueretaro.co\/index.php?rest_route=\/wp\/v2\/posts"}],"about":[{"href":"https:\/\/telediarioqueretaro.co\/index.php?rest_route=\/wp\/v2\/types\/post"}],"author":[{"embeddable":true,"href":"https:\/\/telediarioqueretaro.co\/index.php?rest_route=\/wp\/v2\/users\/2"}],"replies":[{"embeddable":true,"href":"https:\/\/telediarioqueretaro.co\/index.php?rest_route=%2Fwp%2Fv2%2Fcomments&post=4320"}],"version-history":[{"count":1,"href":"https:\/\/telediarioqueretaro.co\/index.php?rest_route=\/wp\/v2\/posts\/4320\/revisions"}],"predecessor-version":[{"id":4322,"href":"https:\/\/telediarioqueretaro.co\/index.php?rest_route=\/wp\/v2\/posts\/4320\/revisions\/4322"}],"wp:featuredmedia":[{"embeddable":true,"href":"https:\/\/telediarioqueretaro.co\/index.php?rest_route=\/wp\/v2\/media\/4321"}],"wp:attachment":[{"href":"https:\/\/telediarioqueretaro.co\/index.php?rest_route=%2Fwp%2Fv2%2Fmedia&parent=4320"}],"wp:term":[{"taxonomy":"category","embeddable":true,"href":"https:\/\/telediarioqueretaro.co\/index.php?rest_route=%2Fwp%2Fv2%2Fcategories&post=4320"},{"taxonomy":"post_tag","embeddable":true,"href":"https:\/\/telediarioqueretaro.co\/index.php?rest_route=%2Fwp%2Fv2%2Ftags&post=4320"}],"curies":[{"name":"wp","href":"https:\/\/api.w.org\/{rel}","templated":true}]}}