{"id":4336,"date":"2024-09-21T15:19:23","date_gmt":"2024-09-21T15:19:23","guid":{"rendered":"https:\/\/telediarioqueretaro.co\/?p=4336"},"modified":"2024-09-21T15:19:23","modified_gmt":"2024-09-21T15:19:23","slug":"ambientalistas-piden-seriedad-en-secretaria-del-medio-ambiente","status":"publish","type":"post","link":"https:\/\/telediarioqueretaro.co\/?p=4336","title":{"rendered":"Ambientalistas Piden Seriedad En Secretar\u00eda Del Medio Ambiente"},"content":{"rendered":"\n<figure class=\"wp-block-image size-large\"><img loading=\"lazy\" decoding=\"async\" width=\"1024\" height=\"543\" src=\"https:\/\/telediarioqueretaro.co\/wp-content\/uploads\/2024\/09\/image-55-1024x543.png\" alt=\"\" class=\"wp-image-4337\" srcset=\"https:\/\/telediarioqueretaro.co\/wp-content\/uploads\/2024\/09\/image-55-1024x543.png 1024w, https:\/\/telediarioqueretaro.co\/wp-content\/uploads\/2024\/09\/image-55-300x159.png 300w, https:\/\/telediarioqueretaro.co\/wp-content\/uploads\/2024\/09\/image-55-768x407.png 768w, https:\/\/telediarioqueretaro.co\/wp-content\/uploads\/2024\/09\/image-55.png 1210w\" sizes=\"auto, (max-width: 1024px) 100vw, 1024px\" \/><\/figure>\n\n\n\n<p>Ante la operaci\u00f3n de la nueva Secretar\u00eda del Medio Ambiente en el municipio de Quer\u00e9taro, ambientalistas mostraron su respaldo y se\u00f1alaron que estar\u00e1n vigilantes para que la dependencia opere \u201cbien\u201d y que no sea una oficina para dar trabajar \u201ca los amigos\u201d.<\/p>\n\n\n\n<p><br>A trav\u00e9s de un video en el perfil de Ambientalistas Reforestando Quer\u00e9taro, Federico Orozco se congratul\u00f3 por la creaci\u00f3n de la Secretar\u00eda que entrar\u00e1 en operaciones cuando rinda protesta Felifer Mac\u00edas Olvera como presidente municipal de Quer\u00e9taro, y sugiri\u00f3 la adhesi\u00f3n de al menos cinco direcciones para que complementen los objetivos de dicha dependencia.<\/p>\n\n\n\n<p><br>\u201cBravo por esta reestructuraci\u00f3n, pero atentos, atentos a que se haga muy bien, que est\u00e9 muy bien hecha y no vaya a resultar en una creaci\u00f3n de una Secretar\u00eda para meter amigos, compadres; se tiene que hacer responsablemente y tiene que haber gente preparada con las credenciales ambientales adecuadas\u201d.<br>Entre las propuestas de los ambientalistas est\u00e1 la conservaci\u00f3n del Instituto de Ecolog\u00eda y Cambio Clim\u00e1tico, adem\u00e1s de una direcci\u00f3n de Gesti\u00f3n y Vinculaci\u00f3n; una direcci\u00f3n de Parques, \u00c1reas Verdes y Vegetaci\u00f3n Urbana, as\u00ed como una oficina o direcci\u00f3n de asuntos h\u00eddricos.<\/p>\n","protected":false},"excerpt":{"rendered":"<p>Ante la operaci\u00f3n de la nueva Secretar\u00eda del Medio Ambiente en el municipio de Quer\u00e9taro, ambientalistas mostraron su respaldo y se\u00f1alaron que estar\u00e1n vigilantes para que la dependencia opere \u201cbien\u201d y que no sea una oficina para dar trabajar \u201ca los amigos\u201d. A trav\u00e9s de un video en el perfil [&hellip;]<\/p>\n","protected":false},"author":2,"featured_media":4337,"comment_status":"open","ping_status":"open","sticky":false,"template":"","format":"standard","meta":{"footnotes":""},"categories":[1],"tags":[],"class_list":["post-4336","post","type-post","status-publish","format-standard","has-post-thumbnail","hentry","category-sin-categoria"],"_links":{"self":[{"href":"https:\/\/telediarioqueretaro.co\/index.php?rest_route=\/wp\/v2\/posts\/4336","targetHints":{"allow":["GET"]}}],"collection":[{"href":"https:\/\/telediarioqueretaro.co\/index.php?rest_route=\/wp\/v2\/posts"}],"about":[{"href":"https:\/\/telediarioqueretaro.co\/index.php?rest_route=\/wp\/v2\/types\/post"}],"author":[{"embeddable":true,"href":"https:\/\/telediarioqueretaro.co\/index.php?rest_route=\/wp\/v2\/users\/2"}],"replies":[{"embeddable":true,"href":"https:\/\/telediarioqueretaro.co\/index.php?rest_route=%2Fwp%2Fv2%2Fcomments&post=4336"}],"version-history":[{"count":1,"href":"https:\/\/telediarioqueretaro.co\/index.php?rest_route=\/wp\/v2\/posts\/4336\/revisions"}],"predecessor-version":[{"id":4338,"href":"https:\/\/telediarioqueretaro.co\/index.php?rest_route=\/wp\/v2\/posts\/4336\/revisions\/4338"}],"wp:featuredmedia":[{"embeddable":true,"href":"https:\/\/telediarioqueretaro.co\/index.php?rest_route=\/wp\/v2\/media\/4337"}],"wp:attachment":[{"href":"https:\/\/telediarioqueretaro.co\/index.php?rest_route=%2Fwp%2Fv2%2Fmedia&parent=4336"}],"wp:term":[{"taxonomy":"category","embeddable":true,"href":"https:\/\/telediarioqueretaro.co\/index.php?rest_route=%2Fwp%2Fv2%2Fcategories&post=4336"},{"taxonomy":"post_tag","embeddable":true,"href":"https:\/\/telediarioqueretaro.co\/index.php?rest_route=%2Fwp%2Fv2%2Ftags&post=4336"}],"curies":[{"name":"wp","href":"https:\/\/api.w.org\/{rel}","templated":true}]}}