{"id":4348,"date":"2024-09-23T12:41:22","date_gmt":"2024-09-23T12:41:22","guid":{"rendered":"https:\/\/telediarioqueretaro.co\/?p=4348"},"modified":"2024-09-23T12:41:22","modified_gmt":"2024-09-23T12:41:22","slug":"andrea-perea-rafael-montoya-y-adolfo-colin-se-integran-al-gabinete-de-chepe-guerrero","status":"publish","type":"post","link":"https:\/\/telediarioqueretaro.co\/?p=4348","title":{"rendered":"Andrea Perea, Rafael Montoya Y Adolfo Col\u00edn, Se Integran Al Gabinete De Chepe Guerrero \u00a0"},"content":{"rendered":"\n<figure class=\"wp-block-image size-full\"><img loading=\"lazy\" decoding=\"async\" width=\"585\" height=\"418\" src=\"https:\/\/telediarioqueretaro.co\/wp-content\/uploads\/2024\/09\/image-59.png\" alt=\"\" class=\"wp-image-4349\" srcset=\"https:\/\/telediarioqueretaro.co\/wp-content\/uploads\/2024\/09\/image-59.png 585w, https:\/\/telediarioqueretaro.co\/wp-content\/uploads\/2024\/09\/image-59-300x214.png 300w\" sizes=\"auto, (max-width: 585px) 100vw, 585px\" \/><\/figure>\n\n\n\n<p>El presidente municipal electo de Corregidora, Chepe Guerrero, anunci\u00f3 que Andrea Perea V\u00e1zquez, Rafael Montoya Bola\u00f1os y Adolfo Col\u00edn S\u00e1nchez, se integrar\u00e1n al gabinete 20224-2027 con la finalidad de sumar experiencia y profesionalismo. Adem\u00e1s, reconoci\u00f3 que los tres aportar\u00e1n todo su conocimiento, pues record\u00f3 que ya han sido alcaldes, por lo que los llam\u00f3 a seguir trabajando en beneficio de las y los corregidorenses.<\/p>\n\n\n\n<p>De la misma forma, dio a conocer que Francisco Castro Alegr\u00eda se sumar\u00e1 al equipo como secretario de Gesti\u00f3n Delegacional. Paco Castro es licenciado en Comercio Internacional, cuenta con m\u00e1s de 28 a\u00f1os de experiencia en el sector privado y 10 en el servicio p\u00fablico, actualmente es el director del Parque Bicentenario y anteriormente se desempe\u00f1\u00f3 como secretario de Administraci\u00f3n en el municipio de Corregidora.<\/p>\n\n\n\n<p>Andrea Perea es licenciada en Educaci\u00f3n Especial y cuenta con una maestr\u00eda en Administraci\u00f3n P\u00fablica, su compromiso con su entorno y su apoyo a las causas sociales le permitir\u00e1n estar al frente de la Secretar\u00eda de la Mujer. Ella se ha desempe\u00f1ado tambi\u00e9n como presidenta del Comit\u00e9 Directivo Municipal del PAN en Corregidora, adem\u00e1s es Regidora del H. Ayuntamiento.<\/p>\n\n\n\n<p>En la Secretar\u00eda del Ayuntamiento estar\u00e1 Rafael Montoya, quien es licenciado en Derecho y actualmente se desempe\u00f1a como secretario de Desarrollo Social; antes, fue Regidor en la demarcaci\u00f3n, cargo que nuevamente ocupar\u00e1, por lo que deber\u00e1 solicitar licencia para asumir el encargo que le ha conferido Chepe Guerrero, su suplente en el Cabildo es Pedro Mart\u00ednez Puente.&nbsp;<\/p>\n\n\n\n<p>Por \u00faltimo, Adolfo Col\u00edn ser\u00e1 el nuevo titular de la Secretar\u00eda de Desarrollo Econ\u00f3mico. Licenciado en Comunicaci\u00f3n, cuenta con 15 a\u00f1os de experiencia en el servicio p\u00fablico, de los cuales, los \u00faltimos nueve han sido en Corregidora, como coordinador de Atenci\u00f3n Ciudadana, director de Comunicaci\u00f3n Social y Regidor S\u00edndico.<\/p>\n","protected":false},"excerpt":{"rendered":"<p>El presidente municipal electo de Corregidora, Chepe Guerrero, anunci\u00f3 que Andrea Perea V\u00e1zquez, Rafael Montoya Bola\u00f1os y Adolfo Col\u00edn S\u00e1nchez, se integrar\u00e1n al gabinete 20224-2027 con la finalidad de sumar experiencia y profesionalismo. Adem\u00e1s, reconoci\u00f3 que los tres aportar\u00e1n todo su conocimiento, pues record\u00f3 que ya han sido alcaldes, por [&hellip;]<\/p>\n","protected":false},"author":2,"featured_media":4349,"comment_status":"open","ping_status":"open","sticky":false,"template":"","format":"standard","meta":{"footnotes":""},"categories":[1],"tags":[],"class_list":["post-4348","post","type-post","status-publish","format-standard","has-post-thumbnail","hentry","category-sin-categoria"],"_links":{"self":[{"href":"https:\/\/telediarioqueretaro.co\/index.php?rest_route=\/wp\/v2\/posts\/4348","targetHints":{"allow":["GET"]}}],"collection":[{"href":"https:\/\/telediarioqueretaro.co\/index.php?rest_route=\/wp\/v2\/posts"}],"about":[{"href":"https:\/\/telediarioqueretaro.co\/index.php?rest_route=\/wp\/v2\/types\/post"}],"author":[{"embeddable":true,"href":"https:\/\/telediarioqueretaro.co\/index.php?rest_route=\/wp\/v2\/users\/2"}],"replies":[{"embeddable":true,"href":"https:\/\/telediarioqueretaro.co\/index.php?rest_route=%2Fwp%2Fv2%2Fcomments&post=4348"}],"version-history":[{"count":1,"href":"https:\/\/telediarioqueretaro.co\/index.php?rest_route=\/wp\/v2\/posts\/4348\/revisions"}],"predecessor-version":[{"id":4350,"href":"https:\/\/telediarioqueretaro.co\/index.php?rest_route=\/wp\/v2\/posts\/4348\/revisions\/4350"}],"wp:featuredmedia":[{"embeddable":true,"href":"https:\/\/telediarioqueretaro.co\/index.php?rest_route=\/wp\/v2\/media\/4349"}],"wp:attachment":[{"href":"https:\/\/telediarioqueretaro.co\/index.php?rest_route=%2Fwp%2Fv2%2Fmedia&parent=4348"}],"wp:term":[{"taxonomy":"category","embeddable":true,"href":"https:\/\/telediarioqueretaro.co\/index.php?rest_route=%2Fwp%2Fv2%2Fcategories&post=4348"},{"taxonomy":"post_tag","embeddable":true,"href":"https:\/\/telediarioqueretaro.co\/index.php?rest_route=%2Fwp%2Fv2%2Ftags&post=4348"}],"curies":[{"name":"wp","href":"https:\/\/api.w.org\/{rel}","templated":true}]}}