{"id":4360,"date":"2024-09-25T17:05:24","date_gmt":"2024-09-25T17:05:24","guid":{"rendered":"https:\/\/telediarioqueretaro.co\/?p=4360"},"modified":"2024-09-25T17:05:25","modified_gmt":"2024-09-25T17:05:25","slug":"pleno-del-tribunal-electoral-rechaza-impugnacion-a-ley-organica-del-poder-legislativo","status":"publish","type":"post","link":"https:\/\/telediarioqueretaro.co\/?p=4360","title":{"rendered":"Pleno Del Tribunal Electoral Rechaza Impugnaci\u00f3n A Ley Org\u00e1nica Del Poder Legislativo"},"content":{"rendered":"\n<figure class=\"wp-block-image size-large\"><img loading=\"lazy\" decoding=\"async\" width=\"1024\" height=\"543\" src=\"https:\/\/telediarioqueretaro.co\/wp-content\/uploads\/2024\/09\/image-63-1024x543.png\" alt=\"\" class=\"wp-image-4361\" srcset=\"https:\/\/telediarioqueretaro.co\/wp-content\/uploads\/2024\/09\/image-63-1024x543.png 1024w, https:\/\/telediarioqueretaro.co\/wp-content\/uploads\/2024\/09\/image-63-300x159.png 300w, https:\/\/telediarioqueretaro.co\/wp-content\/uploads\/2024\/09\/image-63-768x407.png 768w, https:\/\/telediarioqueretaro.co\/wp-content\/uploads\/2024\/09\/image-63.png 1210w\" sizes=\"auto, (max-width: 1024px) 100vw, 1024px\" \/><\/figure>\n\n\n\n<p><\/p>\n\n\n\n<p><\/p>\n\n\n\n<p>El pleno del Tribunal Electoral del Estado de Quer\u00e9taro (TEEQ) se declar\u00f3 incompetente para discutir y generar un acuerdo en torno a la impugnaci\u00f3n a la Ley Org\u00e1nica del Poder Legislativo de Quer\u00e9taro, interpuesto por el partido Morena.<\/p>\n\n\n\n<p><br>Luego de la reforma del 23 de agosto a la Ley Org\u00e1nica que contempla, entre otras cosas, la forma en que define la presidencia de la Junta de Coordinaci\u00f3n Pol\u00edtica (Jucopo), se impugn\u00f3 el acuerdo ante el TEEQ al considerar una vulneraci\u00f3n al derecho de ser votado.<\/p>\n\n\n\n<p><br>Sin embargo, el pleno del Tribunal determin\u00f3 que no tienen competencia para intervenir en el tema al corresponder a temas internos de la vida legislativa.<\/p>\n\n\n\n<p><br>Adem\u00e1s de esta instancia, el partido Morena promovi\u00f3 una serie de recursos para dejar sin efecto la reforma, entre ellas, una acci\u00f3n de inconstitucionalidad ante Tribunales Federales.<\/p>\n","protected":false},"excerpt":{"rendered":"<p>El pleno del Tribunal Electoral del Estado de Quer\u00e9taro (TEEQ) se declar\u00f3 incompetente para discutir y generar un acuerdo en torno a la impugnaci\u00f3n a la Ley Org\u00e1nica del Poder Legislativo de Quer\u00e9taro, interpuesto por el partido Morena. Luego de la reforma del 23 de agosto a la Ley Org\u00e1nica [&hellip;]<\/p>\n","protected":false},"author":2,"featured_media":4361,"comment_status":"open","ping_status":"open","sticky":false,"template":"","format":"standard","meta":{"footnotes":""},"categories":[1],"tags":[],"class_list":["post-4360","post","type-post","status-publish","format-standard","has-post-thumbnail","hentry","category-sin-categoria"],"_links":{"self":[{"href":"https:\/\/telediarioqueretaro.co\/index.php?rest_route=\/wp\/v2\/posts\/4360","targetHints":{"allow":["GET"]}}],"collection":[{"href":"https:\/\/telediarioqueretaro.co\/index.php?rest_route=\/wp\/v2\/posts"}],"about":[{"href":"https:\/\/telediarioqueretaro.co\/index.php?rest_route=\/wp\/v2\/types\/post"}],"author":[{"embeddable":true,"href":"https:\/\/telediarioqueretaro.co\/index.php?rest_route=\/wp\/v2\/users\/2"}],"replies":[{"embeddable":true,"href":"https:\/\/telediarioqueretaro.co\/index.php?rest_route=%2Fwp%2Fv2%2Fcomments&post=4360"}],"version-history":[{"count":1,"href":"https:\/\/telediarioqueretaro.co\/index.php?rest_route=\/wp\/v2\/posts\/4360\/revisions"}],"predecessor-version":[{"id":4362,"href":"https:\/\/telediarioqueretaro.co\/index.php?rest_route=\/wp\/v2\/posts\/4360\/revisions\/4362"}],"wp:featuredmedia":[{"embeddable":true,"href":"https:\/\/telediarioqueretaro.co\/index.php?rest_route=\/wp\/v2\/media\/4361"}],"wp:attachment":[{"href":"https:\/\/telediarioqueretaro.co\/index.php?rest_route=%2Fwp%2Fv2%2Fmedia&parent=4360"}],"wp:term":[{"taxonomy":"category","embeddable":true,"href":"https:\/\/telediarioqueretaro.co\/index.php?rest_route=%2Fwp%2Fv2%2Fcategories&post=4360"},{"taxonomy":"post_tag","embeddable":true,"href":"https:\/\/telediarioqueretaro.co\/index.php?rest_route=%2Fwp%2Fv2%2Ftags&post=4360"}],"curies":[{"name":"wp","href":"https:\/\/api.w.org\/{rel}","templated":true}]}}