{"id":4418,"date":"2024-12-23T19:30:46","date_gmt":"2024-12-23T19:30:46","guid":{"rendered":"https:\/\/telediarioqueretaro.co\/?p=4418"},"modified":"2024-12-21T19:32:44","modified_gmt":"2024-12-21T19:32:44","slug":"queretaro-destaca-entre-estados-con-menor-avance","status":"publish","type":"post","link":"https:\/\/telediarioqueretaro.co\/?p=4418","title":{"rendered":"Quer\u00e9taro destaca entre estados con menor avance"},"content":{"rendered":"\n<h4 class=\"wp-block-heading\">La entidad del Baj\u00edo mostr\u00f3 una notable desaceleraci\u00f3n desde el 2.5 por ciento promedio observado entre 2013 y 2018.<\/h4>\n\n\n\n<figure class=\"wp-block-image size-large\"><img loading=\"lazy\" decoding=\"async\" width=\"1024\" height=\"576\" src=\"https:\/\/telediarioqueretaro.co\/wp-content\/uploads\/2024\/12\/image-2-1024x576.png\" alt=\"\" class=\"wp-image-4419\" srcset=\"https:\/\/telediarioqueretaro.co\/wp-content\/uploads\/2024\/12\/image-2-1024x576.png 1024w, https:\/\/telediarioqueretaro.co\/wp-content\/uploads\/2024\/12\/image-2-300x169.png 300w, https:\/\/telediarioqueretaro.co\/wp-content\/uploads\/2024\/12\/image-2-768x432.png 768w, https:\/\/telediarioqueretaro.co\/wp-content\/uploads\/2024\/12\/image-2-1536x864.png 1536w, https:\/\/telediarioqueretaro.co\/wp-content\/uploads\/2024\/12\/image-2.png 1600w\" sizes=\"auto, (max-width: 1024px) 100vw, 1024px\" \/><\/figure>\n\n\n\n<p>La\u00a0econom\u00eda de\u00a0Quer\u00e9taro\u00a0tuvo un d\u00e9bil desempe\u00f1o en materia de\u00a0crecimiento econ\u00f3mico\u00a0en el \u00faltimo sexenio, del orden de 0.2 por ciento promedio anual, por debajo del nivel nacional que fue de 0.9 por ciento, de acuerdo con el INEGI.<\/p>\n\n\n\n<p>La entidad del Baj\u00edo mostr\u00f3 una notable\u00a0desaceleraci\u00f3n\u00a0desde el 2.5 por ciento promedio observado entre 2013 y 2018, que tambi\u00e9n ya estaba por debajo del 3.7 por ciento de 2007 a 2012.<\/p>\n\n\n\n<p>Con las cifras del periodo 2019 a 2023,\u00a0el crecimiento de\u00a0Quer\u00e9taro\u00a0fue de los m\u00e1s bajos a nivel nacional, similar al registrado por\u00a0Puebla, Colima y Durango.<\/p>\n\n\n\n<p>En contraste, los estados que mostraron una mayor expansi\u00f3n en dicho periodo fueron\u00a0Tabasco, con 7.2 por ciento promedio;\u00a0Oaxaca, 3.3 por ciento;\u00a0Quintana Roo, 2.3 por ciento, y\u00a0Chihuahua, 2.1 por ciento.<\/p>\n\n\n\n<p>Banamex\u00a0estima que en el 2025 el\u00a0PIB de\u00a0Quer\u00e9taro\u00a0registre un avance de apenas 0.2 por ciento, de los m\u00e1s bajos a nivel nacional, pero sin ca\u00eddas como se prev\u00e9 para entidades como\u00a0Campeche\u00a0por 2.4 por ciento;\u00a0Tabasco, 1.7 por ciento, y\u00a0Sinaloa\u00a00.1 por ciento.<\/p>\n\n\n\n<p>Al considerar solo los \u00faltimos tres a\u00f1os, el\u00a0crecimiento promedio del PIB\u00a0es de 3.7 por ciento, siendo la entidad n\u00famero 17 en el listado, seg\u00fan el\u00a0Instituto Mexicano para la Competitividad (IMCO)\u00a0en su\u00a0\u00edndice de competitividad estatal.<\/p>\n\n\n\n<p>Adem\u00e1s, en otros indicadores ocupa lugares secundarios como en\u00a0diversificaci\u00f3n econ\u00f3mica, donde se ubica en la und\u00e9cima posici\u00f3n a nivel nacional; al igual que en\u00a0Inversi\u00f3n Extranjera Directa\u00a0en el promedio de los \u00faltimos tres a\u00f1os y en el\u00a0PIB tur\u00edstico\u00a0est\u00e1 en d\u00e9cima posici\u00f3n.<\/p>\n","protected":false},"excerpt":{"rendered":"<p>La entidad del Baj\u00edo mostr\u00f3 una notable desaceleraci\u00f3n desde el 2.5 por ciento promedio observado entre 2013 y 2018. La\u00a0econom\u00eda de\u00a0Quer\u00e9taro\u00a0tuvo un d\u00e9bil desempe\u00f1o en materia de\u00a0crecimiento econ\u00f3mico\u00a0en el \u00faltimo sexenio, del orden de 0.2 por ciento promedio anual, por debajo del nivel nacional que fue de 0.9 por ciento, [&hellip;]<\/p>\n","protected":false},"author":2,"featured_media":4419,"comment_status":"open","ping_status":"open","sticky":false,"template":"","format":"standard","meta":{"footnotes":""},"categories":[1],"tags":[],"class_list":["post-4418","post","type-post","status-publish","format-standard","has-post-thumbnail","hentry","category-sin-categoria"],"_links":{"self":[{"href":"https:\/\/telediarioqueretaro.co\/index.php?rest_route=\/wp\/v2\/posts\/4418","targetHints":{"allow":["GET"]}}],"collection":[{"href":"https:\/\/telediarioqueretaro.co\/index.php?rest_route=\/wp\/v2\/posts"}],"about":[{"href":"https:\/\/telediarioqueretaro.co\/index.php?rest_route=\/wp\/v2\/types\/post"}],"author":[{"embeddable":true,"href":"https:\/\/telediarioqueretaro.co\/index.php?rest_route=\/wp\/v2\/users\/2"}],"replies":[{"embeddable":true,"href":"https:\/\/telediarioqueretaro.co\/index.php?rest_route=%2Fwp%2Fv2%2Fcomments&post=4418"}],"version-history":[{"count":1,"href":"https:\/\/telediarioqueretaro.co\/index.php?rest_route=\/wp\/v2\/posts\/4418\/revisions"}],"predecessor-version":[{"id":4420,"href":"https:\/\/telediarioqueretaro.co\/index.php?rest_route=\/wp\/v2\/posts\/4418\/revisions\/4420"}],"wp:featuredmedia":[{"embeddable":true,"href":"https:\/\/telediarioqueretaro.co\/index.php?rest_route=\/wp\/v2\/media\/4419"}],"wp:attachment":[{"href":"https:\/\/telediarioqueretaro.co\/index.php?rest_route=%2Fwp%2Fv2%2Fmedia&parent=4418"}],"wp:term":[{"taxonomy":"category","embeddable":true,"href":"https:\/\/telediarioqueretaro.co\/index.php?rest_route=%2Fwp%2Fv2%2Fcategories&post=4418"},{"taxonomy":"post_tag","embeddable":true,"href":"https:\/\/telediarioqueretaro.co\/index.php?rest_route=%2Fwp%2Fv2%2Ftags&post=4418"}],"curies":[{"name":"wp","href":"https:\/\/api.w.org\/{rel}","templated":true}]}}